{"id":53904,"date":"2024-01-23T16:55:47","date_gmt":"2024-01-23T14:55:47","guid":{"rendered":"https:\/\/epersl.com\/?p=53904"},"modified":"2024-01-23T16:55:47","modified_gmt":"2024-01-23T14:55:47","slug":"eper-celebre-un-un-de-collaboration-avec-barranquesa-et-nabrawind","status":"publish","type":"post","link":"https:\/\/epersl.com\/fr\/informations\/eper-celebre-un-un-de-collaboration-avec-barranquesa-et-nabrawind\/","title":{"rendered":"Eper c\u00e9l\u00e8bre un un de collaboration avec Barranquesa et Nabrawind"},"content":{"rendered":"<p>Nous avons d\u00e9j\u00e0 termin\u00e9 une ann\u00e9e de collaboration avec les entreprises Barranquesa et Nabrawind, et nous avons quelque chose \u00e0 vous dire.<\/p>\n<p>Cette collaboration nous a permis d&rsquo;augmenter le nombre de projets dans lequels nous sommes impliqu\u00e9s conjointement et d&rsquo;am\u00e9liorer notre pr\u00e9sence at notre positionnement aupr\u00e8s de nos clients dans le secteur de l&rsquo;\u00e9nergie \u00e9olienne. Tout cela a \u00e9galement \u00e9t\u00e9 possible gr\u00e2ce au soutien du Gouvernement de Navarre \u00e0 travers du PIN (Plan International de Navarre) et ses programmes d&rsquo;internationalisation des clusters, ainsi que gr\u00e2ce \u00e0 l&rsquo;aide d&rsquo;Indversis.<\/p>\n<p>D\u00e9sormais, lorsque vous verrez l&rsquo;une de ces trois entreprises lors d&rsquo;un salon, regardez sur le c\u00f4t\u00e9 et vous verrez les deux autres entreprises du groupe.<\/p>\n<p>Notre prochaine r\u00e9union commune aura lieu lors de WindEurope \u00e0 Bilbao, du 20 au 22 mars 2024.<\/p>\n<p>Apr\u00e8s toutes ces ann\u00e9es de travail et de collaboration, nous voulions donner un nom \u00e0 cette coalition qui nous apporte tant. Le nom retenu est Nawind.<\/p>\n<p>Nous avons pr\u00e9par\u00e9 cette vid\u00e9o de pr\u00e9sentation des trois organisations qui composent Nawind, nous esp\u00e9rons qu&rsquo;elle vous plaira:<\/p>\n<p><iframe loading=\"lazy\" title=\"EPER en WindEurope Bilbao 2024\" width=\"1080\" height=\"608\" src=\"https:\/\/www.youtube.com\/embed\/z6vRU5AtFYs?feature=oembed&#038;enablejsapi=1&#038;origin=https:\/\/epersl.com\"  allow=\"accelerometer; autoplay; clipboard-write; encrypted-media; gyroscope; picture-in-picture; web-share\" allowfullscreen><\/iframe><\/p>\n","protected":false},"excerpt":{"rendered":"<p>Nous avons d\u00e9j\u00e0 termin\u00e9 une ann\u00e9e de collaboration avec les entreprises Barranquesa et Nabrawind, et nous avons quelque chose \u00e0 vous dire. Cette collaboration nous a permis d&rsquo;augmenter le nombre de projets dans lequels nous sommes impliqu\u00e9s conjointement et d&rsquo;am\u00e9liorer notre pr\u00e9sence at notre positionnement aupr\u00e8s de nos clients dans le secteur de l&rsquo;\u00e9nergie \u00e9olienne. [&hellip;]<\/p>\n","protected":false},"author":7,"featured_media":53901,"comment_status":"closed","ping_status":"closed","sticky":false,"template":"","format":"standard","meta":{"_et_pb_use_builder":"","_et_pb_old_content":"","_et_gb_content_width":"","inline_featured_image":false,"footnotes":""},"categories":[31],"tags":[],"class_list":["post-53904","post","type-post","status-publish","format-standard","has-post-thumbnail","hentry","category-informations"],"yoast_head":"<!-- This site is optimized with the Yoast SEO plugin v27.4 - https:\/\/yoast.com\/product\/yoast-seo-wordpress\/ -->\n<title>Eper c\u00e9l\u00e8bre un un de collaboration avec Barranquesa et Nabrawind - EPER<\/title>\n<meta name=\"description\" content=\"Eper c\u00e9l\u00e8bre sa premi\u00e8re ann\u00e9e de collaboration avec les entreprises Barranquesa et Nabrawind, formant la coalition appel\u00e9e Nawind.\" \/>\n<meta name=\"robots\" content=\"index, follow, max-snippet:-1, max-image-preview:large, max-video-preview:-1\" \/>\n<link rel=\"canonical\" href=\"https:\/\/epersl.com\/fr\/informations\/eper-celebre-un-un-de-collaboration-avec-barranquesa-et-nabrawind\/\" \/>\n<meta property=\"og:locale\" content=\"fr_FR\" \/>\n<meta property=\"og:type\" content=\"article\" \/>\n<meta property=\"og:title\" content=\"Eper c\u00e9l\u00e8bre un un de collaboration avec Barranquesa et Nabrawind - EPER\" \/>\n<meta property=\"og:description\" content=\"Eper c\u00e9l\u00e8bre sa premi\u00e8re ann\u00e9e de collaboration avec les entreprises Barranquesa et Nabrawind, formant la coalition appel\u00e9e Nawind.\" \/>\n<meta property=\"og:url\" content=\"https:\/\/epersl.com\/fr\/informations\/eper-celebre-un-un-de-collaboration-avec-barranquesa-et-nabrawind\/\" \/>\n<meta property=\"og:site_name\" content=\"EPER\" \/>\n<meta property=\"article:published_time\" content=\"2024-01-23T14:55:47+00:00\" \/>\n<meta property=\"og:image\" content=\"https:\/\/epersl.com\/wp-content\/uploads\/2024\/01\/EntradaEnero2024.jpg\" \/>\n\t<meta property=\"og:image:width\" content=\"670\" \/>\n\t<meta property=\"og:image:height\" content=\"413\" \/>\n\t<meta property=\"og:image:type\" content=\"image\/jpeg\" \/>\n<meta name=\"author\" content=\"Naroa Luquin\" \/>\n<meta name=\"twitter:card\" content=\"summary_large_image\" \/>\n<meta name=\"twitter:label1\" content=\"\u00c9crit par\" \/>\n\t<meta name=\"twitter:data1\" content=\"Naroa Luquin\" \/>\n\t<meta name=\"twitter:label2\" content=\"Dur\u00e9e de lecture estim\u00e9e\" \/>\n\t<meta name=\"twitter:data2\" content=\"1 minute\" \/>\n<script type=\"application\/ld+json\" class=\"yoast-schema-graph\">{\"@context\":\"https:\\\/\\\/schema.org\",\"@graph\":[{\"@type\":\"Article\",\"@id\":\"https:\\\/\\\/epersl.com\\\/fr\\\/informations\\\/eper-celebre-un-un-de-collaboration-avec-barranquesa-et-nabrawind\\\/#article\",\"isPartOf\":{\"@id\":\"https:\\\/\\\/epersl.com\\\/fr\\\/informations\\\/eper-celebre-un-un-de-collaboration-avec-barranquesa-et-nabrawind\\\/\"},\"author\":{\"name\":\"Naroa Luquin\",\"@id\":\"https:\\\/\\\/epersl.com\\\/fr\\\/#\\\/schema\\\/person\\\/7b8f369542f429bcb6390aef8ff038ff\"},\"headline\":\"Eper c\u00e9l\u00e8bre un un de collaboration avec Barranquesa et Nabrawind\",\"datePublished\":\"2024-01-23T14:55:47+00:00\",\"mainEntityOfPage\":{\"@id\":\"https:\\\/\\\/epersl.com\\\/fr\\\/informations\\\/eper-celebre-un-un-de-collaboration-avec-barranquesa-et-nabrawind\\\/\"},\"wordCount\":206,\"image\":{\"@id\":\"https:\\\/\\\/epersl.com\\\/fr\\\/informations\\\/eper-celebre-un-un-de-collaboration-avec-barranquesa-et-nabrawind\\\/#primaryimage\"},\"thumbnailUrl\":\"https:\\\/\\\/epersl.com\\\/wp-content\\\/uploads\\\/2024\\\/01\\\/EntradaEnero2024.jpg\",\"articleSection\":[\"Informations\"],\"inLanguage\":\"fr-FR\"},{\"@type\":\"WebPage\",\"@id\":\"https:\\\/\\\/epersl.com\\\/fr\\\/informations\\\/eper-celebre-un-un-de-collaboration-avec-barranquesa-et-nabrawind\\\/\",\"url\":\"https:\\\/\\\/epersl.com\\\/fr\\\/informations\\\/eper-celebre-un-un-de-collaboration-avec-barranquesa-et-nabrawind\\\/\",\"name\":\"Eper c\u00e9l\u00e8bre un un de collaboration avec Barranquesa et Nabrawind - EPER\",\"isPartOf\":{\"@id\":\"https:\\\/\\\/epersl.com\\\/fr\\\/#website\"},\"primaryImageOfPage\":{\"@id\":\"https:\\\/\\\/epersl.com\\\/fr\\\/informations\\\/eper-celebre-un-un-de-collaboration-avec-barranquesa-et-nabrawind\\\/#primaryimage\"},\"image\":{\"@id\":\"https:\\\/\\\/epersl.com\\\/fr\\\/informations\\\/eper-celebre-un-un-de-collaboration-avec-barranquesa-et-nabrawind\\\/#primaryimage\"},\"thumbnailUrl\":\"https:\\\/\\\/epersl.com\\\/wp-content\\\/uploads\\\/2024\\\/01\\\/EntradaEnero2024.jpg\",\"datePublished\":\"2024-01-23T14:55:47+00:00\",\"author\":{\"@id\":\"https:\\\/\\\/epersl.com\\\/fr\\\/#\\\/schema\\\/person\\\/7b8f369542f429bcb6390aef8ff038ff\"},\"description\":\"Eper c\u00e9l\u00e8bre sa premi\u00e8re ann\u00e9e de collaboration avec les entreprises Barranquesa et Nabrawind, formant la coalition appel\u00e9e Nawind.\",\"breadcrumb\":{\"@id\":\"https:\\\/\\\/epersl.com\\\/fr\\\/informations\\\/eper-celebre-un-un-de-collaboration-avec-barranquesa-et-nabrawind\\\/#breadcrumb\"},\"inLanguage\":\"fr-FR\",\"potentialAction\":[{\"@type\":\"ReadAction\",\"target\":[\"https:\\\/\\\/epersl.com\\\/fr\\\/informations\\\/eper-celebre-un-un-de-collaboration-avec-barranquesa-et-nabrawind\\\/\"]}]},{\"@type\":\"ImageObject\",\"inLanguage\":\"fr-FR\",\"@id\":\"https:\\\/\\\/epersl.com\\\/fr\\\/informations\\\/eper-celebre-un-un-de-collaboration-avec-barranquesa-et-nabrawind\\\/#primaryimage\",\"url\":\"https:\\\/\\\/epersl.com\\\/wp-content\\\/uploads\\\/2024\\\/01\\\/EntradaEnero2024.jpg\",\"contentUrl\":\"https:\\\/\\\/epersl.com\\\/wp-content\\\/uploads\\\/2024\\\/01\\\/EntradaEnero2024.jpg\",\"width\":670,\"height\":413},{\"@type\":\"BreadcrumbList\",\"@id\":\"https:\\\/\\\/epersl.com\\\/fr\\\/informations\\\/eper-celebre-un-un-de-collaboration-avec-barranquesa-et-nabrawind\\\/#breadcrumb\",\"itemListElement\":[{\"@type\":\"ListItem\",\"position\":1,\"name\":\"Portada\",\"item\":\"https:\\\/\\\/epersl.com\\\/fr\\\/\"},{\"@type\":\"ListItem\",\"position\":2,\"name\":\"Eper c\u00e9l\u00e8bre un un de collaboration avec Barranquesa et Nabrawind\"}]},{\"@type\":\"WebSite\",\"@id\":\"https:\\\/\\\/epersl.com\\\/fr\\\/#website\",\"url\":\"https:\\\/\\\/epersl.com\\\/fr\\\/\",\"name\":\"EPER\",\"description\":\"Metallic Solutions\",\"potentialAction\":[{\"@type\":\"SearchAction\",\"target\":{\"@type\":\"EntryPoint\",\"urlTemplate\":\"https:\\\/\\\/epersl.com\\\/fr\\\/?s={search_term_string}\"},\"query-input\":{\"@type\":\"PropertyValueSpecification\",\"valueRequired\":true,\"valueName\":\"search_term_string\"}}],\"inLanguage\":\"fr-FR\"},{\"@type\":\"Person\",\"@id\":\"https:\\\/\\\/epersl.com\\\/fr\\\/#\\\/schema\\\/person\\\/7b8f369542f429bcb6390aef8ff038ff\",\"name\":\"Naroa Luquin\",\"url\":\"https:\\\/\\\/epersl.com\\\/fr\\\/author\\\/naroa\\\/\"}]}<\/script>\n<!-- \/ Yoast SEO plugin. -->","yoast_head_json":{"title":"Eper c\u00e9l\u00e8bre un un de collaboration avec Barranquesa et Nabrawind - EPER","description":"Eper c\u00e9l\u00e8bre sa premi\u00e8re ann\u00e9e de collaboration avec les entreprises Barranquesa et Nabrawind, formant la coalition appel\u00e9e Nawind.","robots":{"index":"index","follow":"follow","max-snippet":"max-snippet:-1","max-image-preview":"max-image-preview:large","max-video-preview":"max-video-preview:-1"},"canonical":"https:\/\/epersl.com\/fr\/informations\/eper-celebre-un-un-de-collaboration-avec-barranquesa-et-nabrawind\/","og_locale":"fr_FR","og_type":"article","og_title":"Eper c\u00e9l\u00e8bre un un de collaboration avec Barranquesa et Nabrawind - EPER","og_description":"Eper c\u00e9l\u00e8bre sa premi\u00e8re ann\u00e9e de collaboration avec les entreprises Barranquesa et Nabrawind, formant la coalition appel\u00e9e Nawind.","og_url":"https:\/\/epersl.com\/fr\/informations\/eper-celebre-un-un-de-collaboration-avec-barranquesa-et-nabrawind\/","og_site_name":"EPER","article_published_time":"2024-01-23T14:55:47+00:00","og_image":[{"width":670,"height":413,"url":"https:\/\/epersl.com\/wp-content\/uploads\/2024\/01\/EntradaEnero2024.jpg","type":"image\/jpeg"}],"author":"Naroa Luquin","twitter_card":"summary_large_image","twitter_misc":{"\u00c9crit par":"Naroa Luquin","Dur\u00e9e de lecture estim\u00e9e":"1 minute"},"schema":{"@context":"https:\/\/schema.org","@graph":[{"@type":"Article","@id":"https:\/\/epersl.com\/fr\/informations\/eper-celebre-un-un-de-collaboration-avec-barranquesa-et-nabrawind\/#article","isPartOf":{"@id":"https:\/\/epersl.com\/fr\/informations\/eper-celebre-un-un-de-collaboration-avec-barranquesa-et-nabrawind\/"},"author":{"name":"Naroa Luquin","@id":"https:\/\/epersl.com\/fr\/#\/schema\/person\/7b8f369542f429bcb6390aef8ff038ff"},"headline":"Eper c\u00e9l\u00e8bre un un de collaboration avec Barranquesa et Nabrawind","datePublished":"2024-01-23T14:55:47+00:00","mainEntityOfPage":{"@id":"https:\/\/epersl.com\/fr\/informations\/eper-celebre-un-un-de-collaboration-avec-barranquesa-et-nabrawind\/"},"wordCount":206,"image":{"@id":"https:\/\/epersl.com\/fr\/informations\/eper-celebre-un-un-de-collaboration-avec-barranquesa-et-nabrawind\/#primaryimage"},"thumbnailUrl":"https:\/\/epersl.com\/wp-content\/uploads\/2024\/01\/EntradaEnero2024.jpg","articleSection":["Informations"],"inLanguage":"fr-FR"},{"@type":"WebPage","@id":"https:\/\/epersl.com\/fr\/informations\/eper-celebre-un-un-de-collaboration-avec-barranquesa-et-nabrawind\/","url":"https:\/\/epersl.com\/fr\/informations\/eper-celebre-un-un-de-collaboration-avec-barranquesa-et-nabrawind\/","name":"Eper c\u00e9l\u00e8bre un un de collaboration avec Barranquesa et Nabrawind - EPER","isPartOf":{"@id":"https:\/\/epersl.com\/fr\/#website"},"primaryImageOfPage":{"@id":"https:\/\/epersl.com\/fr\/informations\/eper-celebre-un-un-de-collaboration-avec-barranquesa-et-nabrawind\/#primaryimage"},"image":{"@id":"https:\/\/epersl.com\/fr\/informations\/eper-celebre-un-un-de-collaboration-avec-barranquesa-et-nabrawind\/#primaryimage"},"thumbnailUrl":"https:\/\/epersl.com\/wp-content\/uploads\/2024\/01\/EntradaEnero2024.jpg","datePublished":"2024-01-23T14:55:47+00:00","author":{"@id":"https:\/\/epersl.com\/fr\/#\/schema\/person\/7b8f369542f429bcb6390aef8ff038ff"},"description":"Eper c\u00e9l\u00e8bre sa premi\u00e8re ann\u00e9e de collaboration avec les entreprises Barranquesa et Nabrawind, formant la coalition appel\u00e9e Nawind.","breadcrumb":{"@id":"https:\/\/epersl.com\/fr\/informations\/eper-celebre-un-un-de-collaboration-avec-barranquesa-et-nabrawind\/#breadcrumb"},"inLanguage":"fr-FR","potentialAction":[{"@type":"ReadAction","target":["https:\/\/epersl.com\/fr\/informations\/eper-celebre-un-un-de-collaboration-avec-barranquesa-et-nabrawind\/"]}]},{"@type":"ImageObject","inLanguage":"fr-FR","@id":"https:\/\/epersl.com\/fr\/informations\/eper-celebre-un-un-de-collaboration-avec-barranquesa-et-nabrawind\/#primaryimage","url":"https:\/\/epersl.com\/wp-content\/uploads\/2024\/01\/EntradaEnero2024.jpg","contentUrl":"https:\/\/epersl.com\/wp-content\/uploads\/2024\/01\/EntradaEnero2024.jpg","width":670,"height":413},{"@type":"BreadcrumbList","@id":"https:\/\/epersl.com\/fr\/informations\/eper-celebre-un-un-de-collaboration-avec-barranquesa-et-nabrawind\/#breadcrumb","itemListElement":[{"@type":"ListItem","position":1,"name":"Portada","item":"https:\/\/epersl.com\/fr\/"},{"@type":"ListItem","position":2,"name":"Eper c\u00e9l\u00e8bre un un de collaboration avec Barranquesa et Nabrawind"}]},{"@type":"WebSite","@id":"https:\/\/epersl.com\/fr\/#website","url":"https:\/\/epersl.com\/fr\/","name":"EPER","description":"Metallic Solutions","potentialAction":[{"@type":"SearchAction","target":{"@type":"EntryPoint","urlTemplate":"https:\/\/epersl.com\/fr\/?s={search_term_string}"},"query-input":{"@type":"PropertyValueSpecification","valueRequired":true,"valueName":"search_term_string"}}],"inLanguage":"fr-FR"},{"@type":"Person","@id":"https:\/\/epersl.com\/fr\/#\/schema\/person\/7b8f369542f429bcb6390aef8ff038ff","name":"Naroa Luquin","url":"https:\/\/epersl.com\/fr\/author\/naroa\/"}]}},"_links":{"self":[{"href":"https:\/\/epersl.com\/fr\/wp-json\/wp\/v2\/posts\/53904","targetHints":{"allow":["GET"]}}],"collection":[{"href":"https:\/\/epersl.com\/fr\/wp-json\/wp\/v2\/posts"}],"about":[{"href":"https:\/\/epersl.com\/fr\/wp-json\/wp\/v2\/types\/post"}],"author":[{"embeddable":true,"href":"https:\/\/epersl.com\/fr\/wp-json\/wp\/v2\/users\/7"}],"replies":[{"embeddable":true,"href":"https:\/\/epersl.com\/fr\/wp-json\/wp\/v2\/comments?post=53904"}],"version-history":[{"count":1,"href":"https:\/\/epersl.com\/fr\/wp-json\/wp\/v2\/posts\/53904\/revisions"}],"predecessor-version":[{"id":53905,"href":"https:\/\/epersl.com\/fr\/wp-json\/wp\/v2\/posts\/53904\/revisions\/53905"}],"wp:featuredmedia":[{"embeddable":true,"href":"https:\/\/epersl.com\/fr\/wp-json\/wp\/v2\/media\/53901"}],"wp:attachment":[{"href":"https:\/\/epersl.com\/fr\/wp-json\/wp\/v2\/media?parent=53904"}],"wp:term":[{"taxonomy":"category","embeddable":true,"href":"https:\/\/epersl.com\/fr\/wp-json\/wp\/v2\/categories?post=53904"},{"taxonomy":"post_tag","embeddable":true,"href":"https:\/\/epersl.com\/fr\/wp-json\/wp\/v2\/tags?post=53904"}],"curies":[{"name":"wp","href":"https:\/\/api.w.org\/{rel}","templated":true}]}}